{"id":1884,"date":"2020-01-22T16:29:03","date_gmt":"2020-01-22T16:29:03","guid":{"rendered":"https:\/\/ulrichthomsenactor.com\/?p=1884"},"modified":"2020-01-22T16:30:07","modified_gmt":"2020-01-22T16:30:07","slug":"ulrich-thomsen-i-ny-serie-med-jude-law-og-john-malkovich-den-er-naesten-for-flot-til-tv","status":"publish","type":"post","link":"https:\/\/ulrichthomsenactor.com\/?p=1884","title":{"rendered":"ULRICH THOMSEN I NY SERIE MED JUDE LAW OG JOHN MALKOVICH: DEN ER N\u00c6STEN FOR FLOT TIL TV"},"content":{"rendered":"<p>&#8220;Ulrich Thomsen er stolt over at v\u00e6re med i Oscarvinderen Paolo Sorrentinos The New Pope, som har Jude Law og John Malkovich i hovedrollerne som rivaliserende paver. Den storsl\u00e5ede dramaserie, som desuden t\u00e6ller Sharon Stone og Marilyn Manson som g\u00e6stestjerner, f\u00e5r eksklusiv dansk premiere p\u00e5 C More s\u00f8ndag den 26. januar.&#8221;<\/p>\n<p>Read more at <a href=\"https:\/\/www.mynewsdesk.com\/dk\/c-more-danmark\/pressreleases\/ulrich-thomsen-i-ny-serie-med-jude-law-og-john-malkovich-den-er-naesten-for-flot-til-tv-2963050?fbclid=IwAR3hhktFkmh9feD1Dbszf_0TXoBqH8vsak9-iWVpjdqcXfCvg0rv1eegPPQ\">mynewsdesk.com<\/a><\/p>\n","protected":false},"excerpt":{"rendered":"<p>&#8220;Ulrich Thomsen er stolt over at v\u00e6re med i Oscarvinderen Paolo Sorrentinos The New Pope, som har Jude Law og John Malkovich i hovedrollerne som rivaliserende paver. Den storsl\u00e5ede dramaserie, som desuden t\u00e6ller Sharon Stone og Marilyn Manson som g\u00e6stestjerner, f\u00e5r eksklusiv dansk premiere p\u00e5 C More s\u00f8ndag den 26. januar.&#8221; Read more at mynewsdesk.com<\/p>\n","protected":false},"author":1,"featured_media":1886,"comment_status":"closed","ping_status":"closed","sticky":false,"template":"","format":"standard","meta":{"footnotes":""},"categories":[12],"tags":[81,36,16,49,3],"_links":{"self":[{"href":"https:\/\/ulrichthomsenactor.com\/index.php?rest_route=\/wp\/v2\/posts\/1884"}],"collection":[{"href":"https:\/\/ulrichthomsenactor.com\/index.php?rest_route=\/wp\/v2\/posts"}],"about":[{"href":"https:\/\/ulrichthomsenactor.com\/index.php?rest_route=\/wp\/v2\/types\/post"}],"author":[{"embeddable":true,"href":"https:\/\/ulrichthomsenactor.com\/index.php?rest_route=\/wp\/v2\/users\/1"}],"replies":[{"embeddable":true,"href":"https:\/\/ulrichthomsenactor.com\/index.php?rest_route=%2Fwp%2Fv2%2Fcomments&post=1884"}],"version-history":[{"count":2,"href":"https:\/\/ulrichthomsenactor.com\/index.php?rest_route=\/wp\/v2\/posts\/1884\/revisions"}],"predecessor-version":[{"id":1888,"href":"https:\/\/ulrichthomsenactor.com\/index.php?rest_route=\/wp\/v2\/posts\/1884\/revisions\/1888"}],"wp:featuredmedia":[{"embeddable":true,"href":"https:\/\/ulrichthomsenactor.com\/index.php?rest_route=\/wp\/v2\/media\/1886"}],"wp:attachment":[{"href":"https:\/\/ulrichthomsenactor.com\/index.php?rest_route=%2Fwp%2Fv2%2Fmedia&parent=1884"}],"wp:term":[{"taxonomy":"category","embeddable":true,"href":"https:\/\/ulrichthomsenactor.com\/index.php?rest_route=%2Fwp%2Fv2%2Fcategories&post=1884"},{"taxonomy":"post_tag","embeddable":true,"href":"https:\/\/ulrichthomsenactor.com\/index.php?rest_route=%2Fwp%2Fv2%2Ftags&post=1884"}],"curies":[{"name":"wp","href":"https:\/\/api.w.org\/{rel}","templated":true}]}}